{"id":1678,"date":"2015-02-19T10:52:28","date_gmt":"2015-02-19T10:52:28","guid":{"rendered":"https:\/\/nicolaskalogeropoulos.com\/nouveau_site\/?p=1678"},"modified":"2015-02-19T10:52:29","modified_gmt":"2015-02-19T10:52:29","slug":"reportage-animation-culinaire-elior","status":"publish","type":"post","link":"https:\/\/nicolaskalogeropoulos.com\/wordpress\/reportage-animation-culinaire-elior\/","title":{"rendered":"Reportage animation culinaire &#8211; Elior"},"content":{"rendered":"<h2 class=\"title\">Reportage animation culinaire\u00a0pour\u00a0Elior<\/h2>\n<p>R\u00e9guli\u00e8rement, Elior organise des animations culinaires avec le chef Gregory Cuilleron dans des centres de formations. On m&rsquo;a donc demand\u00e9 de venir couvrir l&rsquo;\u00e9v\u00e9nement en mettant bien en avant les interactions de Gr\u00e9gory avec les \u00e9tudiants, ainsi que de r\u00e9aliser quelques photos d&rsquo;ambiance g\u00e9n\u00e9rale, des portraits des \u00e9quipes et une photo de groupe.<\/p>\n<h2 class=\"title\">Demande du client:<\/h2>\n<ul>\n<li>Capter les \u00e9motions entre les \u00e9tudiants et Gr\u00e9gory Cuilleron<\/li>\n<li>Faire des portraits des \u00e9quipes<\/li>\n<li>Faire une photo de groupe<\/li>\n<li>Retouche et livraison rapide<\/li>\n<\/ul>\n<p>Nicolas Kalogeropoulos \u2013 Photographe professionnel \u00e9v\u00e9nementiel freelance\u00a0sur Paris<\/p>\n","protected":false},"excerpt":{"rendered":"<p>Reportage animation culinaire\u00a0pour\u00a0Elior R\u00e9guli\u00e8rement, Elior organise des animations culinaires avec [&hellip;]<\/p>\n","protected":false},"author":1,"featured_media":1597,"comment_status":"closed","ping_status":"closed","sticky":false,"template":"","format":"standard","meta":{"om_disable_all_campaigns":false,"footnotes":""},"categories":[9],"tags":[],"class_list":["post-1678","post","type-post","status-publish","format-standard","has-post-thumbnail","hentry","category-blog"],"yoast_head":"<!-- This site is optimized with the Yoast SEO plugin v23.4 - https:\/\/yoast.com\/wordpress\/plugins\/seo\/ -->\n<title>Reportage animation culinaire - Elior -<\/title>\n<meta name=\"description\" content=\"Nicolas Kalogeropoulos est un photographe professionnel bas\u00e9 \u00e0 Paris depuis 2010 et sp\u00e9cialis\u00e9 dans la photo d\u2019entreprise. Contactez Nicolas pour des portraits, trombinoscopes, reportages \u00e9v\u00e9nementiels, photo de groupes, conf\u00e9rences, reportages industriels, animations, photocall ou encore photographie culinaire.\" \/>\n<meta name=\"robots\" content=\"noindex, follow\" \/>\n<meta property=\"og:locale\" content=\"fr_FR\" \/>\n<meta property=\"og:type\" content=\"article\" \/>\n<meta property=\"og:title\" content=\"Reportage animation culinaire - Elior -\" \/>\n<meta property=\"og:description\" content=\"Nicolas Kalogeropoulos est un photographe professionnel bas\u00e9 \u00e0 Paris depuis 2010 et sp\u00e9cialis\u00e9 dans la photo d\u2019entreprise. Contactez Nicolas pour des portraits, trombinoscopes, reportages \u00e9v\u00e9nementiels, photo de groupes, conf\u00e9rences, reportages industriels, animations, photocall ou encore photographie culinaire.\" \/>\n<meta property=\"og:url\" content=\"https:\/\/nicolaskalogeropoulos.com\/wordpress\/reportage-animation-culinaire-elior\/\" \/>\n<meta property=\"og:site_name\" content=\"PHOTOGRAPHE CORPORATE PARIS\" \/>\n<meta property=\"article:publisher\" content=\"https:\/\/www.facebook.com\/NicoKaloPhotographe\/\" \/>\n<meta property=\"article:published_time\" content=\"2015-02-19T10:52:28+00:00\" \/>\n<meta property=\"article:modified_time\" content=\"2015-02-19T10:52:29+00:00\" \/>\n<meta property=\"og:image\" content=\"https:\/\/nicolaskalogeropoulos.com\/wordpress\/wp-content\/uploads\/2015\/02\/DSC_4541.jpg\" \/>\n\t<meta property=\"og:image:width\" content=\"602\" \/>\n\t<meta property=\"og:image:height\" content=\"902\" \/>\n\t<meta property=\"og:image:type\" content=\"image\/jpeg\" \/>\n<meta name=\"author\" content=\"admin\" \/>\n<meta name=\"twitter:card\" content=\"summary_large_image\" \/>\n<meta name=\"twitter:creator\" content=\"@papaestungeek\" \/>\n<meta name=\"twitter:site\" content=\"@papaestungeek\" \/>\n<meta name=\"twitter:label1\" content=\"\u00c9crit par\" \/>\n\t<meta name=\"twitter:data1\" content=\"admin\" \/>\n\t<meta name=\"twitter:label2\" content=\"Dur\u00e9e de lecture estim\u00e9e\" \/>\n\t<meta name=\"twitter:data2\" content=\"1 minute\" \/>\n<script type=\"application\/ld+json\" class=\"yoast-schema-graph\">{\"@context\":\"https:\/\/schema.org\",\"@graph\":[{\"@type\":\"Article\",\"@id\":\"https:\/\/nicolaskalogeropoulos.com\/wordpress\/reportage-animation-culinaire-elior\/#article\",\"isPartOf\":{\"@id\":\"https:\/\/nicolaskalogeropoulos.com\/wordpress\/reportage-animation-culinaire-elior\/\"},\"author\":{\"name\":\"admin\",\"@id\":\"https:\/\/nicolaskalogeropoulos.com\/wordpress\/#\/schema\/person\/9aa4602bac666c8cb2342752e21d706e\"},\"headline\":\"Reportage animation culinaire &#8211; Elior\",\"datePublished\":\"2015-02-19T10:52:28+00:00\",\"dateModified\":\"2015-02-19T10:52:29+00:00\",\"mainEntityOfPage\":{\"@id\":\"https:\/\/nicolaskalogeropoulos.com\/wordpress\/reportage-animation-culinaire-elior\/\"},\"wordCount\":109,\"publisher\":{\"@id\":\"https:\/\/nicolaskalogeropoulos.com\/wordpress\/#organization\"},\"image\":{\"@id\":\"https:\/\/nicolaskalogeropoulos.com\/wordpress\/reportage-animation-culinaire-elior\/#primaryimage\"},\"thumbnailUrl\":\"https:\/\/nicolaskalogeropoulos.com\/wordpress\/wp-content\/uploads\/2015\/02\/DSC_4541.jpg\",\"articleSection\":[\"Blog\"],\"inLanguage\":\"fr-FR\"},{\"@type\":\"WebPage\",\"@id\":\"https:\/\/nicolaskalogeropoulos.com\/wordpress\/reportage-animation-culinaire-elior\/\",\"url\":\"https:\/\/nicolaskalogeropoulos.com\/wordpress\/reportage-animation-culinaire-elior\/\",\"name\":\"Reportage animation culinaire - Elior -\",\"isPartOf\":{\"@id\":\"https:\/\/nicolaskalogeropoulos.com\/wordpress\/#website\"},\"primaryImageOfPage\":{\"@id\":\"https:\/\/nicolaskalogeropoulos.com\/wordpress\/reportage-animation-culinaire-elior\/#primaryimage\"},\"image\":{\"@id\":\"https:\/\/nicolaskalogeropoulos.com\/wordpress\/reportage-animation-culinaire-elior\/#primaryimage\"},\"thumbnailUrl\":\"https:\/\/nicolaskalogeropoulos.com\/wordpress\/wp-content\/uploads\/2015\/02\/DSC_4541.jpg\",\"datePublished\":\"2015-02-19T10:52:28+00:00\",\"dateModified\":\"2015-02-19T10:52:29+00:00\",\"description\":\"Nicolas Kalogeropoulos est un photographe professionnel bas\u00e9 \u00e0 Paris depuis 2010 et sp\u00e9cialis\u00e9 dans la photo d\u2019entreprise. Contactez Nicolas pour des portraits, trombinoscopes, reportages \u00e9v\u00e9nementiels, photo de groupes, conf\u00e9rences, reportages industriels, animations, photocall ou encore photographie culinaire.\",\"breadcrumb\":{\"@id\":\"https:\/\/nicolaskalogeropoulos.com\/wordpress\/reportage-animation-culinaire-elior\/#breadcrumb\"},\"inLanguage\":\"fr-FR\",\"potentialAction\":[{\"@type\":\"ReadAction\",\"target\":[\"https:\/\/nicolaskalogeropoulos.com\/wordpress\/reportage-animation-culinaire-elior\/\"]}]},{\"@type\":\"ImageObject\",\"inLanguage\":\"fr-FR\",\"@id\":\"https:\/\/nicolaskalogeropoulos.com\/wordpress\/reportage-animation-culinaire-elior\/#primaryimage\",\"url\":\"https:\/\/nicolaskalogeropoulos.com\/wordpress\/wp-content\/uploads\/2015\/02\/DSC_4541.jpg\",\"contentUrl\":\"https:\/\/nicolaskalogeropoulos.com\/wordpress\/wp-content\/uploads\/2015\/02\/DSC_4541.jpg\",\"width\":602,\"height\":902},{\"@type\":\"BreadcrumbList\",\"@id\":\"https:\/\/nicolaskalogeropoulos.com\/wordpress\/reportage-animation-culinaire-elior\/#breadcrumb\",\"itemListElement\":[{\"@type\":\"ListItem\",\"position\":1,\"name\":\"Accueil\",\"item\":\"https:\/\/nicolaskalogeropoulos.com\/wordpress\/\"},{\"@type\":\"ListItem\",\"position\":2,\"name\":\"Reportage animation culinaire &#8211; Elior\"}]},{\"@type\":\"WebSite\",\"@id\":\"https:\/\/nicolaskalogeropoulos.com\/wordpress\/#website\",\"url\":\"https:\/\/nicolaskalogeropoulos.com\/wordpress\/\",\"name\":\"PHOTOGRAPHE CORPORATE PARIS\",\"description\":\"Nicolas Kalogeropoulos est un photographe freelance bas\u00e9 \u00e0 Paris, sp\u00e9cialis\u00e9 dans les photos pour les entreprises, portraits, reportages \u00e9v\u00e9nementiels, photo culinaire, etc.\",\"publisher\":{\"@id\":\"https:\/\/nicolaskalogeropoulos.com\/wordpress\/#organization\"},\"potentialAction\":[{\"@type\":\"SearchAction\",\"target\":{\"@type\":\"EntryPoint\",\"urlTemplate\":\"https:\/\/nicolaskalogeropoulos.com\/wordpress\/?s={search_term_string}\"},\"query-input\":{\"@type\":\"PropertyValueSpecification\",\"valueRequired\":true,\"valueName\":\"search_term_string\"}}],\"inLanguage\":\"fr-FR\"},{\"@type\":\"Organization\",\"@id\":\"https:\/\/nicolaskalogeropoulos.com\/wordpress\/#organization\",\"name\":\"Nicolas Kalogeropoulos Photographe Corporate\",\"url\":\"https:\/\/nicolaskalogeropoulos.com\/wordpress\/\",\"logo\":{\"@type\":\"ImageObject\",\"inLanguage\":\"fr-FR\",\"@id\":\"https:\/\/nicolaskalogeropoulos.com\/wordpress\/#\/schema\/logo\/image\/\",\"url\":\"https:\/\/nicolaskalogeropoulos.com\/wordpress\/wp-content\/uploads\/2015\/02\/logo2.png\",\"contentUrl\":\"https:\/\/nicolaskalogeropoulos.com\/wordpress\/wp-content\/uploads\/2015\/02\/logo2.png\",\"width\":145,\"height\":45,\"caption\":\"Nicolas Kalogeropoulos Photographe Corporate\"},\"image\":{\"@id\":\"https:\/\/nicolaskalogeropoulos.com\/wordpress\/#\/schema\/logo\/image\/\"},\"sameAs\":[\"https:\/\/www.facebook.com\/NicoKaloPhotographe\/\",\"https:\/\/x.com\/papaestungeek\",\"https:\/\/www.instagram.com\/nico_kalo\/\",\"https:\/\/www.linkedin.com\/in\/nicolas-kalogeropoulos-a95ba415\"]},{\"@type\":\"Person\",\"@id\":\"https:\/\/nicolaskalogeropoulos.com\/wordpress\/#\/schema\/person\/9aa4602bac666c8cb2342752e21d706e\",\"name\":\"admin\",\"image\":{\"@type\":\"ImageObject\",\"inLanguage\":\"fr-FR\",\"@id\":\"https:\/\/nicolaskalogeropoulos.com\/wordpress\/#\/schema\/person\/image\/\",\"url\":\"https:\/\/secure.gravatar.com\/avatar\/eae6a8f049e0f1445bd8d1db37a65cf1?s=96&d=mm&r=g\",\"contentUrl\":\"https:\/\/secure.gravatar.com\/avatar\/eae6a8f049e0f1445bd8d1db37a65cf1?s=96&d=mm&r=g\",\"caption\":\"admin\"}}]}<\/script>\n<!-- \/ Yoast SEO plugin. -->","yoast_head_json":{"title":"Reportage animation culinaire - Elior -","description":"Nicolas Kalogeropoulos est un photographe professionnel bas\u00e9 \u00e0 Paris depuis 2010 et sp\u00e9cialis\u00e9 dans la photo d\u2019entreprise. Contactez Nicolas pour des portraits, trombinoscopes, reportages \u00e9v\u00e9nementiels, photo de groupes, conf\u00e9rences, reportages industriels, animations, photocall ou encore photographie culinaire.","robots":{"index":"noindex","follow":"follow"},"og_locale":"fr_FR","og_type":"article","og_title":"Reportage animation culinaire - Elior -","og_description":"Nicolas Kalogeropoulos est un photographe professionnel bas\u00e9 \u00e0 Paris depuis 2010 et sp\u00e9cialis\u00e9 dans la photo d\u2019entreprise. Contactez Nicolas pour des portraits, trombinoscopes, reportages \u00e9v\u00e9nementiels, photo de groupes, conf\u00e9rences, reportages industriels, animations, photocall ou encore photographie culinaire.","og_url":"https:\/\/nicolaskalogeropoulos.com\/wordpress\/reportage-animation-culinaire-elior\/","og_site_name":"PHOTOGRAPHE CORPORATE PARIS","article_publisher":"https:\/\/www.facebook.com\/NicoKaloPhotographe\/","article_published_time":"2015-02-19T10:52:28+00:00","article_modified_time":"2015-02-19T10:52:29+00:00","og_image":[{"width":602,"height":902,"url":"https:\/\/nicolaskalogeropoulos.com\/wordpress\/wp-content\/uploads\/2015\/02\/DSC_4541.jpg","type":"image\/jpeg"}],"author":"admin","twitter_card":"summary_large_image","twitter_creator":"@papaestungeek","twitter_site":"@papaestungeek","twitter_misc":{"\u00c9crit par":"admin","Dur\u00e9e de lecture estim\u00e9e":"1 minute"},"schema":{"@context":"https:\/\/schema.org","@graph":[{"@type":"Article","@id":"https:\/\/nicolaskalogeropoulos.com\/wordpress\/reportage-animation-culinaire-elior\/#article","isPartOf":{"@id":"https:\/\/nicolaskalogeropoulos.com\/wordpress\/reportage-animation-culinaire-elior\/"},"author":{"name":"admin","@id":"https:\/\/nicolaskalogeropoulos.com\/wordpress\/#\/schema\/person\/9aa4602bac666c8cb2342752e21d706e"},"headline":"Reportage animation culinaire &#8211; Elior","datePublished":"2015-02-19T10:52:28+00:00","dateModified":"2015-02-19T10:52:29+00:00","mainEntityOfPage":{"@id":"https:\/\/nicolaskalogeropoulos.com\/wordpress\/reportage-animation-culinaire-elior\/"},"wordCount":109,"publisher":{"@id":"https:\/\/nicolaskalogeropoulos.com\/wordpress\/#organization"},"image":{"@id":"https:\/\/nicolaskalogeropoulos.com\/wordpress\/reportage-animation-culinaire-elior\/#primaryimage"},"thumbnailUrl":"https:\/\/nicolaskalogeropoulos.com\/wordpress\/wp-content\/uploads\/2015\/02\/DSC_4541.jpg","articleSection":["Blog"],"inLanguage":"fr-FR"},{"@type":"WebPage","@id":"https:\/\/nicolaskalogeropoulos.com\/wordpress\/reportage-animation-culinaire-elior\/","url":"https:\/\/nicolaskalogeropoulos.com\/wordpress\/reportage-animation-culinaire-elior\/","name":"Reportage animation culinaire - Elior -","isPartOf":{"@id":"https:\/\/nicolaskalogeropoulos.com\/wordpress\/#website"},"primaryImageOfPage":{"@id":"https:\/\/nicolaskalogeropoulos.com\/wordpress\/reportage-animation-culinaire-elior\/#primaryimage"},"image":{"@id":"https:\/\/nicolaskalogeropoulos.com\/wordpress\/reportage-animation-culinaire-elior\/#primaryimage"},"thumbnailUrl":"https:\/\/nicolaskalogeropoulos.com\/wordpress\/wp-content\/uploads\/2015\/02\/DSC_4541.jpg","datePublished":"2015-02-19T10:52:28+00:00","dateModified":"2015-02-19T10:52:29+00:00","description":"Nicolas Kalogeropoulos est un photographe professionnel bas\u00e9 \u00e0 Paris depuis 2010 et sp\u00e9cialis\u00e9 dans la photo d\u2019entreprise. Contactez Nicolas pour des portraits, trombinoscopes, reportages \u00e9v\u00e9nementiels, photo de groupes, conf\u00e9rences, reportages industriels, animations, photocall ou encore photographie culinaire.","breadcrumb":{"@id":"https:\/\/nicolaskalogeropoulos.com\/wordpress\/reportage-animation-culinaire-elior\/#breadcrumb"},"inLanguage":"fr-FR","potentialAction":[{"@type":"ReadAction","target":["https:\/\/nicolaskalogeropoulos.com\/wordpress\/reportage-animation-culinaire-elior\/"]}]},{"@type":"ImageObject","inLanguage":"fr-FR","@id":"https:\/\/nicolaskalogeropoulos.com\/wordpress\/reportage-animation-culinaire-elior\/#primaryimage","url":"https:\/\/nicolaskalogeropoulos.com\/wordpress\/wp-content\/uploads\/2015\/02\/DSC_4541.jpg","contentUrl":"https:\/\/nicolaskalogeropoulos.com\/wordpress\/wp-content\/uploads\/2015\/02\/DSC_4541.jpg","width":602,"height":902},{"@type":"BreadcrumbList","@id":"https:\/\/nicolaskalogeropoulos.com\/wordpress\/reportage-animation-culinaire-elior\/#breadcrumb","itemListElement":[{"@type":"ListItem","position":1,"name":"Accueil","item":"https:\/\/nicolaskalogeropoulos.com\/wordpress\/"},{"@type":"ListItem","position":2,"name":"Reportage animation culinaire &#8211; Elior"}]},{"@type":"WebSite","@id":"https:\/\/nicolaskalogeropoulos.com\/wordpress\/#website","url":"https:\/\/nicolaskalogeropoulos.com\/wordpress\/","name":"PHOTOGRAPHE CORPORATE PARIS","description":"Nicolas Kalogeropoulos est un photographe freelance bas\u00e9 \u00e0 Paris, sp\u00e9cialis\u00e9 dans les photos pour les entreprises, portraits, reportages \u00e9v\u00e9nementiels, photo culinaire, etc.","publisher":{"@id":"https:\/\/nicolaskalogeropoulos.com\/wordpress\/#organization"},"potentialAction":[{"@type":"SearchAction","target":{"@type":"EntryPoint","urlTemplate":"https:\/\/nicolaskalogeropoulos.com\/wordpress\/?s={search_term_string}"},"query-input":{"@type":"PropertyValueSpecification","valueRequired":true,"valueName":"search_term_string"}}],"inLanguage":"fr-FR"},{"@type":"Organization","@id":"https:\/\/nicolaskalogeropoulos.com\/wordpress\/#organization","name":"Nicolas Kalogeropoulos Photographe Corporate","url":"https:\/\/nicolaskalogeropoulos.com\/wordpress\/","logo":{"@type":"ImageObject","inLanguage":"fr-FR","@id":"https:\/\/nicolaskalogeropoulos.com\/wordpress\/#\/schema\/logo\/image\/","url":"https:\/\/nicolaskalogeropoulos.com\/wordpress\/wp-content\/uploads\/2015\/02\/logo2.png","contentUrl":"https:\/\/nicolaskalogeropoulos.com\/wordpress\/wp-content\/uploads\/2015\/02\/logo2.png","width":145,"height":45,"caption":"Nicolas Kalogeropoulos Photographe Corporate"},"image":{"@id":"https:\/\/nicolaskalogeropoulos.com\/wordpress\/#\/schema\/logo\/image\/"},"sameAs":["https:\/\/www.facebook.com\/NicoKaloPhotographe\/","https:\/\/x.com\/papaestungeek","https:\/\/www.instagram.com\/nico_kalo\/","https:\/\/www.linkedin.com\/in\/nicolas-kalogeropoulos-a95ba415"]},{"@type":"Person","@id":"https:\/\/nicolaskalogeropoulos.com\/wordpress\/#\/schema\/person\/9aa4602bac666c8cb2342752e21d706e","name":"admin","image":{"@type":"ImageObject","inLanguage":"fr-FR","@id":"https:\/\/nicolaskalogeropoulos.com\/wordpress\/#\/schema\/person\/image\/","url":"https:\/\/secure.gravatar.com\/avatar\/eae6a8f049e0f1445bd8d1db37a65cf1?s=96&d=mm&r=g","contentUrl":"https:\/\/secure.gravatar.com\/avatar\/eae6a8f049e0f1445bd8d1db37a65cf1?s=96&d=mm&r=g","caption":"admin"}}]}},"amp_enabled":true,"_links":{"self":[{"href":"https:\/\/nicolaskalogeropoulos.com\/wordpress\/wp-json\/wp\/v2\/posts\/1678"}],"collection":[{"href":"https:\/\/nicolaskalogeropoulos.com\/wordpress\/wp-json\/wp\/v2\/posts"}],"about":[{"href":"https:\/\/nicolaskalogeropoulos.com\/wordpress\/wp-json\/wp\/v2\/types\/post"}],"author":[{"embeddable":true,"href":"https:\/\/nicolaskalogeropoulos.com\/wordpress\/wp-json\/wp\/v2\/users\/1"}],"replies":[{"embeddable":true,"href":"https:\/\/nicolaskalogeropoulos.com\/wordpress\/wp-json\/wp\/v2\/comments?post=1678"}],"version-history":[{"count":0,"href":"https:\/\/nicolaskalogeropoulos.com\/wordpress\/wp-json\/wp\/v2\/posts\/1678\/revisions"}],"wp:featuredmedia":[{"embeddable":true,"href":"https:\/\/nicolaskalogeropoulos.com\/wordpress\/wp-json\/wp\/v2\/media\/1597"}],"wp:attachment":[{"href":"https:\/\/nicolaskalogeropoulos.com\/wordpress\/wp-json\/wp\/v2\/media?parent=1678"}],"wp:term":[{"taxonomy":"category","embeddable":true,"href":"https:\/\/nicolaskalogeropoulos.com\/wordpress\/wp-json\/wp\/v2\/categories?post=1678"},{"taxonomy":"post_tag","embeddable":true,"href":"https:\/\/nicolaskalogeropoulos.com\/wordpress\/wp-json\/wp\/v2\/tags?post=1678"}],"curies":[{"name":"wp","href":"https:\/\/api.w.org\/{rel}","templated":true}]}}